{"id":22573,"date":"2022-05-10T15:45:32","date_gmt":"2022-05-10T14:45:32","guid":{"rendered":"https:\/\/www.inurabogados.es\/?p=22573"},"modified":"2025-11-19T18:27:20","modified_gmt":"2025-11-19T17:27:20","slug":"curso-de-derecho-inmobiliario-al-grupo-alzis","status":"publish","type":"post","link":"https:\/\/www.inurabogados.es\/en\/curso-de-derecho-inmobiliario-al-grupo-alzis\/","title":{"rendered":"Curso de Derecho Inmobiliario impartido al GRUPO ALZIS"},"content":{"rendered":"\n[et_pb_section][et_pb_row][et_pb_column type=\u00bb4_4&#8243;][et_pb_text]<!-- divi:paragraph -->\n<p>Tras cinco jornadas lectivas finalizamos la impartici\u00f3n de un \u00abcurso de derecho inmobiliario\u00bb en que nuestros socios&nbsp;<a href=\"https:\/\/www.linkedin.com\/in\/ACoAABC0zZMBqOgozESKWTpMgwGTNwYe4CLHtJo\">Rafael Moreno Ubric<\/a>&nbsp;y&nbsp;<a href=\"https:\/\/www.linkedin.com\/in\/ACoAACyNLnwBrmGlVyuhwXZZJ-RbUEa-IOs1zlA\">Alexandra G\u00f3mez P\u00e9rez<\/a>&nbsp;han explicado, con la experiencia de situaciones reales, la regulaci\u00f3n referida a licencias urban\u00edsticas, edificaci\u00f3n, compraventa, arrendamiento, tributaci\u00f3n, etc.<\/p>\n<!-- \/divi:paragraph -->\n\n<!-- divi:image {\"align\":\"center\"} -->\n<div class=\"wp-block-image\"><figure class=\"aligncenter\"><img decoding=\"async\" src=\"https:\/\/media-exp1.licdn.com\/dms\/image\/C4E22AQGiSjWcOj8g3Q\/feedshare-shrink_800\/0\/1648125269474?e=1655337600&amp;v=beta&amp;t=SjkBIMTl42qU_394Uf5H9n_kC3ONtSs3I-0MCktI4xA\" alt=\"No hay descripci\u00f3n alternativa para esta imagen\"\/><\/figure><\/div>\n<!-- \/divi:image -->\n\n<!-- divi:paragraph -->\n<p>Hoy, m\u00e1s que nunca, es importante que las organizaciones apuesten por la formaci\u00f3n de su equipo, como as\u00ed lo ha hecho&nbsp;<a href=\"https:\/\/www.linkedin.com\/company\/alzis\/\">ALZIS<\/a>, grupo empresarial de referencia en la Comunidad Valenciana, a quien agradecemos la confianza depositada para impartir la formaci\u00f3n; as\u00ed como a los asistentes por su atenci\u00f3n, participaci\u00f3n y calidad humana.<\/p>\n<!-- \/divi:paragraph -->\n\n<!-- divi:paragraph -->\n<p>Seguimos avanzando!.<\/p>\n<!-- \/divi:paragraph -->\n\n<!-- divi:paragraph -->\n<p><a href=\"https:\/\/www.linkedin.com\/feed\/hashtag\/?keywords=derechoinmobiliario&amp;highlightedUpdateUrns=urn%3Ali%3Aactivity%3A6912738415750881280&amp;lipi=urn%3Ali%3Apage%3Ad_flagship3_company_admin%3BA2wojZsGQWez9GuhXUX49w%3D%3D\">#derechoinmobiliario<\/a>&nbsp;<a href=\"https:\/\/www.linkedin.com\/feed\/hashtag\/?keywords=formaci%C3%B3n&amp;highlightedUpdateUrns=urn%3Ali%3Aactivity%3A6912738415750881280\">#formaci\u00f3n<\/a>&nbsp;<a href=\"https:\/\/www.linkedin.com\/feed\/hashtag\/?keywords=inurabogados&amp;highlightedUpdateUrns=urn%3Ali%3Aactivity%3A6912738415750881280\">#inurabogados<\/a><\/p>\n<!-- \/divi:paragraph -->[\/et_pb_text][\/et_pb_column][\/et_pb_row][\/et_pb_section]\n","protected":false},"excerpt":{"rendered":"<p><div class=\"et_pb_section et_pb_section_0 et_section_regular\" >\n\t\t\t\t\n\t\t\t\t\n\t\t\t\t\n\t\t\t\t\n\t\t\t\t\n\t\t\t\t\n\t\t\t\t\n\t\t\t\t\n\t\t\t\t\n\t\t\t<\/div><div class=\"et_pb_row et_pb_row_0 et_pb_row_empty\">\n\t\t\t\t\n\t\t\t\t\n\t\t\t\t\n\t\t\t\t\n\t\t\t\t\n\t\t\t<\/div><div class=\"et_pb_module et_pb_text et_pb_text_0  et_pb_text_align_justified et_pb_bg_layout_light\">\n\t\t\t\t\n\t\t\t\t\n\t\t\t\t\n\t\t\t\t\n\t\t\t\t\n\t\t\t<\/div> Tras cinco jornadas lectivas finalizamos la impartici\u00f3n de un \u00abcurso de derecho inmobiliario\u00bb en que nuestros socios&nbsp;Rafael Moreno Ubric&nbsp;y&nbsp;Alexandra G\u00f3mez P\u00e9rez&nbsp;han explicado, con la experiencia de situaciones reales, la regulaci\u00f3n referida a licencias urban\u00edsticas, edificaci\u00f3n, compraventa, arrendamiento, tributaci\u00f3n, etc. Hoy, m\u00e1s que nunca, es importante que las organizaciones apuesten por la formaci\u00f3n de su [&hellip;]<\/p>\n","protected":false},"author":1,"featured_media":22163,"comment_status":"closed","ping_status":"open","sticky":false,"template":"","format":"standard","meta":{"_et_pb_use_builder":"on","_et_pb_old_content":"<!-- wp:paragraph -->\n<p>Tras cinco jornadas lectivas finalizamos la impartici\u00f3n de un \"curso de derecho inmobiliario\" en que nuestros socios&nbsp;<a href=\"https:\/\/www.linkedin.com\/in\/ACoAABC0zZMBqOgozESKWTpMgwGTNwYe4CLHtJo\">Rafael Moreno Ubric<\/a>&nbsp;y&nbsp;<a href=\"https:\/\/www.linkedin.com\/in\/ACoAACyNLnwBrmGlVyuhwXZZJ-RbUEa-IOs1zlA\">Alexandra G\u00f3mez P\u00e9rez<\/a>&nbsp;han explicado, con la experiencia de situaciones reales, la regulaci\u00f3n referida a licencias urban\u00edsticas, edificaci\u00f3n, compraventa, arrendamiento, tributaci\u00f3n, etc.<\/p>\n<!-- \/wp:paragraph -->\n\n<!-- wp:image {\"align\":\"center\"} -->\n<div class=\"wp-block-image\"><figure class=\"aligncenter\"><img src=\"https:\/\/media-exp1.licdn.com\/dms\/image\/C4E22AQGiSjWcOj8g3Q\/feedshare-shrink_800\/0\/1648125269474?e=1655337600&amp;v=beta&amp;t=SjkBIMTl42qU_394Uf5H9n_kC3ONtSs3I-0MCktI4xA\" alt=\"No hay descripci\u00f3n alternativa para esta imagen\"\/><\/figure><\/div>\n<!-- \/wp:image -->\n\n<!-- wp:paragraph -->\n<p>Hoy, m\u00e1s que nunca, es importante que las organizaciones apuesten por la formaci\u00f3n de su equipo, como as\u00ed lo ha hecho&nbsp;<a href=\"https:\/\/www.linkedin.com\/company\/alzis\/\">ALZIS<\/a>, grupo empresarial de referencia en la Comunidad Valenciana, a quien agradecemos la confianza depositada para impartir la formaci\u00f3n; as\u00ed como a los asistentes por su atenci\u00f3n, participaci\u00f3n y calidad humana.<\/p>\n<!-- \/wp:paragraph -->\n\n<!-- wp:paragraph -->\n<p>Seguimos avanzando!.<\/p>\n<!-- \/wp:paragraph -->\n\n<!-- wp:paragraph -->\n<p><a href=\"https:\/\/www.linkedin.com\/feed\/hashtag\/?keywords=derechoinmobiliario&amp;highlightedUpdateUrns=urn%3Ali%3Aactivity%3A6912738415750881280&amp;lipi=urn%3Ali%3Apage%3Ad_flagship3_company_admin%3BA2wojZsGQWez9GuhXUX49w%3D%3D\">#derechoinmobiliario<\/a>&nbsp;<a href=\"https:\/\/www.linkedin.com\/feed\/hashtag\/?keywords=formaci%C3%B3n&amp;highlightedUpdateUrns=urn%3Ali%3Aactivity%3A6912738415750881280\">#formaci\u00f3n<\/a>&nbsp;<a href=\"https:\/\/www.linkedin.com\/feed\/hashtag\/?keywords=inurabogados&amp;highlightedUpdateUrns=urn%3Ali%3Aactivity%3A6912738415750881280\">#inurabogados<\/a><\/p>\n<!-- \/wp:paragraph -->","_et_gb_content_width":"","footnotes":""},"categories":[120,121,136],"tags":[],"class_list":["post-22573","post","type-post","status-publish","format-standard","has-post-thumbnail","hentry","category-derecho-inmobiliario","category-derecho-urbanistico","category-inur-abogados"],"aioseo_notices":[],"_links":{"self":[{"href":"https:\/\/www.inurabogados.es\/en\/wp-json\/wp\/v2\/posts\/22573","targetHints":{"allow":["GET"]}}],"collection":[{"href":"https:\/\/www.inurabogados.es\/en\/wp-json\/wp\/v2\/posts"}],"about":[{"href":"https:\/\/www.inurabogados.es\/en\/wp-json\/wp\/v2\/types\/post"}],"author":[{"embeddable":true,"href":"https:\/\/www.inurabogados.es\/en\/wp-json\/wp\/v2\/users\/1"}],"replies":[{"embeddable":true,"href":"https:\/\/www.inurabogados.es\/en\/wp-json\/wp\/v2\/comments?post=22573"}],"version-history":[{"count":7,"href":"https:\/\/www.inurabogados.es\/en\/wp-json\/wp\/v2\/posts\/22573\/revisions"}],"predecessor-version":[{"id":22889,"href":"https:\/\/www.inurabogados.es\/en\/wp-json\/wp\/v2\/posts\/22573\/revisions\/22889"}],"wp:featuredmedia":[{"embeddable":true,"href":"https:\/\/www.inurabogados.es\/en\/wp-json\/wp\/v2\/media\/22163"}],"wp:attachment":[{"href":"https:\/\/www.inurabogados.es\/en\/wp-json\/wp\/v2\/media?parent=22573"}],"wp:term":[{"taxonomy":"category","embeddable":true,"href":"https:\/\/www.inurabogados.es\/en\/wp-json\/wp\/v2\/categories?post=22573"},{"taxonomy":"post_tag","embeddable":true,"href":"https:\/\/www.inurabogados.es\/en\/wp-json\/wp\/v2\/tags?post=22573"}],"curies":[{"name":"wp","href":"https:\/\/api.w.org\/{rel}","templated":true}]}}