{"id":22539,"date":"2022-03-03T15:39:05","date_gmt":"2022-03-03T14:39:05","guid":{"rendered":"https:\/\/www.inurabogados.es\/?p=22539"},"modified":"2022-03-03T15:54:12","modified_gmt":"2022-03-03T14:54:12","slug":"invitacion-por-el-decanato-de-los-registradores-de-cataluna-al-acto-de-presentacion-del-manual-de-derecho-inmobiliario","status":"publish","type":"post","link":"https:\/\/www.inurabogados.es\/en\/invitacion-por-el-decanato-de-los-registradores-de-cataluna-al-acto-de-presentacion-del-manual-de-derecho-inmobiliario\/","title":{"rendered":"INVITACI\u00d3N POR EL DECANATO DE LOS REGISTRADORES DE CATALU\u00d1A AL ACTO DE PRESENTACI\u00d3N DEL MANUAL DE DERECHO INMOBILIARIO"},"content":{"rendered":"<div class=\"wp-block-columns is-layout-flex wp-container-core-columns-is-layout-9d6595d7 wp-block-columns-is-layout-flex\">\n<div class=\"wp-block-column is-layout-flow wp-block-column-is-layout-flow\" style=\"flex-basis:100%\">\n<div class=\"wp-block-group is-layout-flow wp-block-group-is-layout-flow\">\n<div class=\"wp-block-columns is-layout-flex wp-container-core-columns-is-layout-9d6595d7 wp-block-columns-is-layout-flex\">\n<div class=\"wp-block-column is-layout-flow wp-block-column-is-layout-flow\" style=\"flex-basis:100%\">\n<div class=\"wp-block-group is-layout-flow wp-block-group-is-layout-flow\">\n<figure class=\"wp-block-gallery aligncenter columns-2 is-cropped wp-block-gallery-1 is-layout-flex wp-block-gallery-is-layout-flex\"><ul class=\"blocks-gallery-grid\"><li class=\"blocks-gallery-item\"><figure><img loading=\"lazy\" decoding=\"async\" width=\"1024\" height=\"682\" src=\"https:\/\/www.inurabogados.es\/wp-content\/uploads\/2022\/03\/BETA-DISC-R10798_101-1024x682.jpg\" alt=\"\" data-id=\"22558\" data-link=\"https:\/\/www.inurabogados.es\/invitacion-por-el-decanato-de-los-registradores-de-cataluna-al-acto-de-presentacion-del-manual-de-derecho-inmobiliario\/beta-disc-r10798_101\/\" class=\"wp-image-22558\" srcset=\"https:\/\/www.inurabogados.es\/wp-content\/uploads\/2022\/03\/BETA-DISC-R10798_101-980x653.jpg 980w, https:\/\/www.inurabogados.es\/wp-content\/uploads\/2022\/03\/BETA-DISC-R10798_101-480x320.jpg 480w\" sizes=\"(min-width: 0px) and (max-width: 480px) 480px, (min-width: 481px) and (max-width: 980px) 980px, (min-width: 981px) 1024px, 100vw\" \/><\/figure><\/li><li class=\"blocks-gallery-item\"><figure><img loading=\"lazy\" decoding=\"async\" width=\"1024\" height=\"642\" src=\"https:\/\/www.inurabogados.es\/wp-content\/uploads\/2022\/03\/BETA-DISC-R10798_176-1-1024x642.jpg\" alt=\"\" data-id=\"22559\" data-full-url=\"https:\/\/www.inurabogados.es\/wp-content\/uploads\/2022\/03\/BETA-DISC-R10798_176-1-scaled.jpg\" data-link=\"https:\/\/www.inurabogados.es\/invitacion-por-el-decanato-de-los-registradores-de-cataluna-al-acto-de-presentacion-del-manual-de-derecho-inmobiliario\/beta-disc-r10798_176-1\/\" class=\"wp-image-22559\" srcset=\"https:\/\/www.inurabogados.es\/wp-content\/uploads\/2022\/03\/BETA-DISC-R10798_176-1-980x615.jpg 980w, https:\/\/www.inurabogados.es\/wp-content\/uploads\/2022\/03\/BETA-DISC-R10798_176-1-480x301.jpg 480w\" sizes=\"(min-width: 0px) and (max-width: 480px) 480px, (min-width: 481px) and (max-width: 980px) 980px, (min-width: 981px) 1024px, 100vw\" \/><\/figure><\/li><\/ul><\/figure>\n<\/div>\n<\/div>\n<\/div>\n<\/div>\n<\/div>\n<\/div>\n\n\n\n<div class=\"wp-block-group is-layout-flow wp-block-group-is-layout-flow\">\n<p>Regresamos a Alicante encantados de haber intervenido en el evento organizado por el Decanato de los Registradores de Catalu\u00f1a y que fue celebrado en Barcelona el pasado 10 de febrero, que tuvo por objeto la presentaci\u00f3n del Manual de Derecho Inmobiliario, as\u00ed como el an\u00e1lisis de algunas de las problem\u00e1ticas que afectan al sector (Ley de la Vivienda, n\u00famero de operaciones de activos inmobiliarios, etc.).<\/p>\n\n\n\n<p>Acto en el que nuestros socios D.&nbsp;<a href=\"https:\/\/www.linkedin.com\/in\/ACoAABC0zZMBqOgozESKWTpMgwGTNwYe4CLHtJo\">Rafael Moreno Ubric<\/a>&nbsp;y D\u00aa&nbsp;<a href=\"https:\/\/www.linkedin.com\/in\/ACoAACyNLnwBrmGlVyuhwXZZJ-RbUEa-IOs1zlA\">Alexandra G\u00f3mez P\u00e9rez<\/a>&nbsp;compartieron mesa ponente con D\u00aa Mar\u00eda Tenza Llorente (Registradora de la Propiedad y Directora del SERC) y D\u00aa&nbsp;<a href=\"https:\/\/www.linkedin.com\/in\/ACoAAB5gJbQB5QR_cgyL4wV9bATv7_VTi9PfJNg\">Vanessa Rubiras Valenzuela<\/a>&nbsp;(Directora Jur\u00eddica de&nbsp;<a href=\"https:\/\/www.linkedin.com\/company\/alting-grupo-inmobiliario\/\">Alting Grupo Inmobiliario<\/a>). Y en el que, adem\u00e1s, intervinieron D. Vicente Jos\u00e9 Garc\u00eda-Hinojal L\u00f3pez (Decano de los Registradores de Catalu\u00f1a) y D. Joan Ram\u00f3n Casals i Mata (Director General de Derecho, Entidades Jur\u00eddicas y Mediaci\u00f3n del Departamento de Justicia de la Generalitat de Catalu\u00f1a).<\/p>\n\n\n\n<p>Seguimos avanzando&#8230; INUR | Abogados<\/p>\n<\/div>","protected":false},"excerpt":{"rendered":"<p>Regresamos a Alicante encantados de haber intervenido en el evento organizado por el Decanato de los Registradores de Catalu\u00f1a y que fue celebrado en Barcelona el pasado 10 de febrero, que tuvo por objeto la presentaci\u00f3n del Manual de Derecho Inmobiliario, as\u00ed como el an\u00e1lisis de algunas de las problem\u00e1ticas que afectan al sector (Ley [&hellip;]<\/p>\n","protected":false},"author":1,"featured_media":22550,"comment_status":"closed","ping_status":"open","sticky":false,"template":"","format":"standard","meta":{"_et_pb_use_builder":"off","_et_pb_old_content":"","_et_gb_content_width":"","footnotes":""},"categories":[120,136],"tags":[],"class_list":["post-22539","post","type-post","status-publish","format-standard","has-post-thumbnail","hentry","category-derecho-inmobiliario","category-inur-abogados"],"aioseo_notices":[],"_links":{"self":[{"href":"https:\/\/www.inurabogados.es\/en\/wp-json\/wp\/v2\/posts\/22539","targetHints":{"allow":["GET"]}}],"collection":[{"href":"https:\/\/www.inurabogados.es\/en\/wp-json\/wp\/v2\/posts"}],"about":[{"href":"https:\/\/www.inurabogados.es\/en\/wp-json\/wp\/v2\/types\/post"}],"author":[{"embeddable":true,"href":"https:\/\/www.inurabogados.es\/en\/wp-json\/wp\/v2\/users\/1"}],"replies":[{"embeddable":true,"href":"https:\/\/www.inurabogados.es\/en\/wp-json\/wp\/v2\/comments?post=22539"}],"version-history":[{"count":8,"href":"https:\/\/www.inurabogados.es\/en\/wp-json\/wp\/v2\/posts\/22539\/revisions"}],"predecessor-version":[{"id":22560,"href":"https:\/\/www.inurabogados.es\/en\/wp-json\/wp\/v2\/posts\/22539\/revisions\/22560"}],"wp:featuredmedia":[{"embeddable":true,"href":"https:\/\/www.inurabogados.es\/en\/wp-json\/wp\/v2\/media\/22550"}],"wp:attachment":[{"href":"https:\/\/www.inurabogados.es\/en\/wp-json\/wp\/v2\/media?parent=22539"}],"wp:term":[{"taxonomy":"category","embeddable":true,"href":"https:\/\/www.inurabogados.es\/en\/wp-json\/wp\/v2\/categories?post=22539"},{"taxonomy":"post_tag","embeddable":true,"href":"https:\/\/www.inurabogados.es\/en\/wp-json\/wp\/v2\/tags?post=22539"}],"curies":[{"name":"wp","href":"https:\/\/api.w.org\/{rel}","templated":true}]}}