{"id":22528,"date":"2021-12-09T17:34:27","date_gmt":"2021-12-09T16:34:27","guid":{"rendered":"https:\/\/www.inurabogados.es\/?p=22528"},"modified":"2021-12-09T17:45:44","modified_gmt":"2021-12-09T16:45:44","slug":"22528-2","status":"publish","type":"post","link":"https:\/\/www.inurabogados.es\/en\/22528-2\/","title":{"rendered":"Tercer aniversario de INUR|Abogados"},"content":{"rendered":"<h2 class=\"wp-block-heading\"><\/h2>\n\n\n\n<p>Se cumple el tercer aniversario del despacho y, como tenemos por costumbre, compartimos unas l\u00edneas haciendo balance del \u00faltimo y apasionante a\u00f1o vivido.<\/p>\n\n\n\n<p>Se ha producido la incorporaci\u00f3n como socia de Alexandra G\u00f3mez P\u00e9rez, lo que permite al despacho tomar un nuevo impulso, ampliando y mejorando la calidad de nuestros servicios gracias a su conocimiento en Derecho Inmobiliario, su amplia experiencia en Derecho de Familia y Sucesiones, as\u00ed como la aportaci\u00f3n de su excelente calidad humana, su vocaci\u00f3n, su profesionalidad y su empat\u00eda, virtudes que rigen el modo en que desarrolla su actividad.<\/p>\n\n\n\n<p>Durante este \u00faltimo a\u00f1o hemos tenido la oportunidad de intervenir en destacadas operaciones contractuales, de elevado calado jur\u00eddico y econ\u00f3mico. Hemos aumentado el n\u00famero de expedientes y de nuevos clientes que han depositado su confianza en el despacho, incorporando el asesoramiento jur\u00eddico-urban\u00edstico a Ayuntamientos de la provincia. Y hemos intervenido en todo tipo de procedimientos judiciales, mayoritariamente resueltos con \u00e9xito, algunos de ellos tramitados ante el Tribunal Constitucional y el Tribunal Supremo.<\/p>\n\n\n\n<p>Destacar como hecho importante de este a\u00f1o que finaliza, que el despacho ha dirigido el \u201cManual de Derecho Inmobiliario\u201d editado por la prestigiosa editorial Aranzadi. El manual, que secuencia el curso de una promoci\u00f3n inmobiliaria, fue presentado el pasado mes de octubre en el Restaurante \u201cEl Maestral\u201d, haci\u00e9ndose eco de la noticia el peri\u00f3dico \u201cAlicante Plaza\u201d que, adem\u00e1s, nos ha entrevistado recientemente interes\u00e1ndose por nuestra opini\u00f3n sobre algunas de las problem\u00e1ticas que afectan al sector en estos momentos (Ley de la Vivienda, Pativel, etc.).<\/p>\n\n\n\n<p>Comienza un nuevo a\u00f1o repleto de proyectos, algunos de ellos ya confirmados, como la segunda presentaci\u00f3n del manual en el Colegio de Registradores de la Propiedad de Catalu\u00f1a o la formaci\u00f3n a empresas en materia de derecho inmobiliario\u2026 Pero no nos detenemos. El despacho est\u00e1 en constante evoluci\u00f3n y b\u00fasqueda de la excelencia. La apuesta decidida por la especializaci\u00f3n nos permite ser m\u00e1s competitivos, definir mejores estrategias, acortar tiempos de respuesta, adoptar mejores decisiones y, en definitiva, prestar un servicio de alta calidad.<\/p>\n\n\n\n<p>Desde INUR|Abogados os queremos dar las GRACIAS por vuestra confianza, por hacer posible que el despacho siga consolid\u00e1ndose, d\u00eda tras d\u00eda, como una firma de referencia en derecho inmobiliario y urbanismo en la provincia de Alicante.<\/p>","protected":false},"excerpt":{"rendered":"<p>Se cumple el tercer aniversario del despacho y, como tenemos por costumbre, compartimos unas l\u00edneas haciendo balance del \u00faltimo y apasionante a\u00f1o vivido. Se ha producido la incorporaci\u00f3n como socia de Alexandra G\u00f3mez P\u00e9rez, lo que permite al despacho tomar un nuevo impulso, ampliando y mejorando la calidad de nuestros servicios gracias a su conocimiento [&hellip;]<\/p>\n","protected":false},"author":1,"featured_media":22533,"comment_status":"closed","ping_status":"open","sticky":false,"template":"","format":"standard","meta":{"_et_pb_use_builder":"off","_et_pb_old_content":"<!-- wp:heading -->\n<h2>Tercer aniversario INUR|Abogados<\/h2>\n<!-- \/wp:heading -->\n\n<!-- wp:paragraph -->\n<p>Se cumple el tercer aniversario del despacho y, como tenemos por costumbre, compartimos unas l\u00edneas haciendo balance del \u00faltimo y apasionante a\u00f1o vivido.<\/p>\n<!-- \/wp:paragraph -->\n\n<!-- wp:paragraph -->\n<p>Se ha producido la incorporaci\u00f3n como socia de Alexandra G\u00f3mez P\u00e9rez, lo que permite al despacho tomar un nuevo impulso, ampliando y mejorando la calidad de nuestros servicios gracias a su conocimiento en Derecho Inmobiliario, su amplia experiencia en Derecho de Familia y Sucesiones, as\u00ed como la aportaci\u00f3n de su excelente calidad humana, su vocaci\u00f3n, su profesionalidad y su empat\u00eda, virtudes que rigen el modo en que desarrolla su actividad.<\/p>\n<!-- \/wp:paragraph -->\n\n<!-- wp:paragraph -->\n<p>Durante este \u00faltimo a\u00f1o hemos tenido la oportunidad de intervenir en destacadas operaciones contractuales, de elevado calado jur\u00eddico y econ\u00f3mico. Hemos aumentado el n\u00famero de expedientes y de nuevos clientes que han depositado su confianza en el despacho, incorporando el asesoramiento jur\u00eddico-urban\u00edstico a Ayuntamientos de la provincia. Y hemos intervenido en todo tipo de procedimientos judiciales, mayoritariamente resueltos con \u00e9xito, algunos de ellos tramitados ante el Tribunal Constitucional y el Tribunal Supremo.<\/p>\n<!-- \/wp:paragraph -->\n\n<!-- wp:paragraph -->\n<p>Destacar como hecho importante de este a\u00f1o que finaliza, que el despacho ha dirigido el \u201cManual de Derecho Inmobiliario\u201d editado por la prestigiosa editorial Aranzadi. El manual, que secuencia el curso de una promoci\u00f3n inmobiliaria, fue presentado el pasado mes de octubre en el Restaurante \u201cEl Maestral\u201d, haci\u00e9ndose eco de la noticia el peri\u00f3dico \u201cAlicante Plaza\u201d que, adem\u00e1s, nos ha entrevistado recientemente interes\u00e1ndose por nuestra opini\u00f3n sobre algunas de las problem\u00e1ticas que afectan al sector en estos momentos (Ley de la Vivienda, Pativel, etc.).<\/p>\n<!-- \/wp:paragraph -->\n\n<!-- wp:paragraph -->\n<p>Comienza un nuevo a\u00f1o repleto de proyectos, algunos de ellos ya confirmados, como la segunda presentaci\u00f3n del manual en el Colegio de Registradores de la Propiedad de Catalu\u00f1a o la formaci\u00f3n a empresas en materia de derecho inmobiliario\u2026 Pero no nos detenemos. El despacho est\u00e1 en constante evoluci\u00f3n y b\u00fasqueda de la excelencia. La apuesta decidida por la especializaci\u00f3n nos permite ser m\u00e1s competitivos, definir mejores estrategias, acortar tiempos de respuesta, adoptar mejores decisiones y, en definitiva, prestar un servicio de alta calidad.<\/p>\n<!-- \/wp:paragraph -->\n\n<!-- wp:paragraph -->\n<p>Desde INUR|Abogados os queremos dar las GRACIAS por vuestra confianza, por hacer posible que el despacho siga consolid\u00e1ndose, d\u00eda tras d\u00eda, como una firma de referencia en derecho inmobiliario y urbanismo en la provincia de Alicante.<\/p>\n<!-- \/wp:paragraph -->","_et_gb_content_width":"","footnotes":""},"categories":[136],"tags":[],"class_list":["post-22528","post","type-post","status-publish","format-standard","has-post-thumbnail","hentry","category-inur-abogados"],"aioseo_notices":[],"_links":{"self":[{"href":"https:\/\/www.inurabogados.es\/en\/wp-json\/wp\/v2\/posts\/22528","targetHints":{"allow":["GET"]}}],"collection":[{"href":"https:\/\/www.inurabogados.es\/en\/wp-json\/wp\/v2\/posts"}],"about":[{"href":"https:\/\/www.inurabogados.es\/en\/wp-json\/wp\/v2\/types\/post"}],"author":[{"embeddable":true,"href":"https:\/\/www.inurabogados.es\/en\/wp-json\/wp\/v2\/users\/1"}],"replies":[{"embeddable":true,"href":"https:\/\/www.inurabogados.es\/en\/wp-json\/wp\/v2\/comments?post=22528"}],"version-history":[{"count":5,"href":"https:\/\/www.inurabogados.es\/en\/wp-json\/wp\/v2\/posts\/22528\/revisions"}],"predecessor-version":[{"id":22537,"href":"https:\/\/www.inurabogados.es\/en\/wp-json\/wp\/v2\/posts\/22528\/revisions\/22537"}],"wp:featuredmedia":[{"embeddable":true,"href":"https:\/\/www.inurabogados.es\/en\/wp-json\/wp\/v2\/media\/22533"}],"wp:attachment":[{"href":"https:\/\/www.inurabogados.es\/en\/wp-json\/wp\/v2\/media?parent=22528"}],"wp:term":[{"taxonomy":"category","embeddable":true,"href":"https:\/\/www.inurabogados.es\/en\/wp-json\/wp\/v2\/categories?post=22528"},{"taxonomy":"post_tag","embeddable":true,"href":"https:\/\/www.inurabogados.es\/en\/wp-json\/wp\/v2\/tags?post=22528"}],"curies":[{"name":"wp","href":"https:\/\/api.w.org\/{rel}","templated":true}]}}