{"id":22515,"date":"2021-11-22T10:55:50","date_gmt":"2021-11-22T09:55:50","guid":{"rendered":"https:\/\/www.inurabogados.es\/?p=22515"},"modified":"2021-11-22T11:14:37","modified_gmt":"2021-11-22T10:14:37","slug":"inurabogados-entrevista-en-alicante-plaza","status":"publish","type":"post","link":"https:\/\/www.inurabogados.es\/en\/inurabogados-entrevista-en-alicante-plaza\/","title":{"rendered":"INUR|Abogados: ENTREVISTA EN ALICANTE PLAZA"},"content":{"rendered":"<div class=\"wp-block-image\"><figure class=\"aligncenter size-large is-resized\"><img loading=\"lazy\" decoding=\"async\" src=\"https:\/\/www.inurabogados.es\/wp-content\/uploads\/2021\/11\/10A4296A-pequena-1-1-1024x779.jpg\" alt=\"\" class=\"wp-image-22522\" width=\"384\" height=\"291\"\/><figcaption>Alexandra G\u00f3mez P\u00e9rez y Rafael Moreno Ubric<\/figcaption><\/figure><\/div>\n\n\n\n<p>Nos hace much\u00edsima ilusi\u00f3n compartir con vosotros la entrevista que nos ha hecho el peri\u00f3dico Alicante Plaza, en la que se habla sobre la acogida post presentaci\u00f3n del Manual de Derecho Inmobiliario, la futura Ley de la Vivienda, la  pol\u00e9mica sobre el Pativel, los constantes cambios normativos, entre otras cuestiones.<\/p>\n\n\n\n<p>Os dejamos el link de la entrevista para mayor informaci\u00f3n.<\/p>\n\n\n\n<p><a href=\"https:\/\/alicanteplaza.es\/inur-abogados-supremo-pativel-tensiones-entrevista-derecho-inmobiliario\">https:\/\/alicanteplaza.es\/inur-abogados-supremo-pativel-tensiones-entrevista-derecho-inmobiliario<\/a><\/p>\n\n\n\n<p><\/p>","protected":false},"excerpt":{"rendered":"<p>Nos hace much\u00edsima ilusi\u00f3n compartir con vosotros la entrevista que nos ha hecho el peri\u00f3dico Alicante Plaza, en la que se habla sobre la acogida post presentaci\u00f3n del Manual de Derecho Inmobiliario, la futura Ley de la Vivienda, la pol\u00e9mica sobre el Pativel, los constantes cambios normativos, entre otras cuestiones. Os dejamos el link de [&hellip;]<\/p>\n","protected":false},"author":1,"featured_media":22521,"comment_status":"closed","ping_status":"open","sticky":false,"template":"","format":"standard","meta":{"_et_pb_use_builder":"off","_et_pb_old_content":"","_et_gb_content_width":"","footnotes":""},"categories":[120,121],"tags":[],"class_list":["post-22515","post","type-post","status-publish","format-standard","has-post-thumbnail","hentry","category-derecho-inmobiliario","category-derecho-urbanistico"],"aioseo_notices":[],"_links":{"self":[{"href":"https:\/\/www.inurabogados.es\/en\/wp-json\/wp\/v2\/posts\/22515","targetHints":{"allow":["GET"]}}],"collection":[{"href":"https:\/\/www.inurabogados.es\/en\/wp-json\/wp\/v2\/posts"}],"about":[{"href":"https:\/\/www.inurabogados.es\/en\/wp-json\/wp\/v2\/types\/post"}],"author":[{"embeddable":true,"href":"https:\/\/www.inurabogados.es\/en\/wp-json\/wp\/v2\/users\/1"}],"replies":[{"embeddable":true,"href":"https:\/\/www.inurabogados.es\/en\/wp-json\/wp\/v2\/comments?post=22515"}],"version-history":[{"count":5,"href":"https:\/\/www.inurabogados.es\/en\/wp-json\/wp\/v2\/posts\/22515\/revisions"}],"predecessor-version":[{"id":22526,"href":"https:\/\/www.inurabogados.es\/en\/wp-json\/wp\/v2\/posts\/22515\/revisions\/22526"}],"wp:featuredmedia":[{"embeddable":true,"href":"https:\/\/www.inurabogados.es\/en\/wp-json\/wp\/v2\/media\/22521"}],"wp:attachment":[{"href":"https:\/\/www.inurabogados.es\/en\/wp-json\/wp\/v2\/media?parent=22515"}],"wp:term":[{"taxonomy":"category","embeddable":true,"href":"https:\/\/www.inurabogados.es\/en\/wp-json\/wp\/v2\/categories?post=22515"},{"taxonomy":"post_tag","embeddable":true,"href":"https:\/\/www.inurabogados.es\/en\/wp-json\/wp\/v2\/tags?post=22515"}],"curies":[{"name":"wp","href":"https:\/\/api.w.org\/{rel}","templated":true}]}}