{"id":21956,"date":"2020-11-02T14:13:02","date_gmt":"2020-11-02T13:13:02","guid":{"rendered":"https:\/\/www.inurabogados.es\/?p=21956"},"modified":"2021-08-22T14:11:27","modified_gmt":"2021-08-22T13:11:27","slug":"segundo-aniversario-de-inur-abogados","status":"publish","type":"post","link":"https:\/\/www.inurabogados.es\/en\/segundo-aniversario-de-inur-abogados\/","title":{"rendered":"Segundo aniversario de INUR | Abogados"},"content":{"rendered":"<p>Como hicimos el a\u00f1o pasado, compartimos un breve balance de este segundo a\u00f1o de vida de INUR | Abogados, que naci\u00f3 con la firme voluntad de convertirse en un despacho de referencia en los \u00e1mbitos del Derecho Inmobiliario y del Urbanismo.<\/p>\n<p>Y en ese prop\u00f3sito, sereno pero obstinado, nada nos ha detenido, ni siquiera el COVID-19, pues hemos crecido en todos los aspectos, no s\u00f3lo en cantidad de expedientes, clientes y facturaci\u00f3n, sino tambi\u00e9n en experiencias y aprendizajes.<\/p>\n<p>A nivel profesional hemos desarrollado una ingente labor (asesoramiento jur\u00eddico, redacci\u00f3n de contratos, tramitaci\u00f3n de licencias, defensa letrada en procedimientos judiciales, etc.), en distintos lugares del territorio espa\u00f1ol (Alicante, Murcia, Valencia, Madrid, Granada, etc.). Han depositado su confianza en el despacho sociedades, comunidades de propietarios, agentes inmobiliarios, particulares, etc., y, asimismo, hemos proseguido nuestra labor de defensa a trav\u00e9s del turno de oficio, asistiendo a quienes carecen de medios econ\u00f3micos suficientes.<\/p>\n<p>Nos enorgullece decir que mayoritariamente hemos cosechado \u00e9xitos, el m\u00e1s c\u00e9lebre la consecuci\u00f3n de una Sentencia pionera en la determinaci\u00f3n del espacio de circulaci\u00f3n de los veh\u00edculos de movilidad personal (VMP), de la que se hicieron eco el Diario Informaci\u00f3n, el Mundo, ABC, La Raz\u00f3n, Las Provincias, etc., llegando a ser entrevistados en el programa \u201cEspejo P\u00fablico\u201d de Antena 3.<\/p>\n<p>A nivel formativo hemos impartido un curso de contrataci\u00f3n p\u00fablica en Fundesem Business School y hemos continuado compartiendo conocimientos a trav\u00e9s del Blog del despacho. Pero, sin duda, el reto m\u00e1s destacado ha consistido en dirigir el \u201cManual de Derecho Inmobiliario\u201d (Ed. Aranzadi) que en pocos meses ver\u00e1 la luz, en que tambi\u00e9n hemos escrito los cap\u00edtulos de \u201cAlcance normativo de Derecho Inmobiliario\u201d, \u201cMediaci\u00f3n Inmobiliaria\u201d y \u201cContrato de Compraventa\u201d. Os mantendremos informados de su lanzamiento y, si es posible, de su presentaci\u00f3n.<\/p>\n<p>Por otro lado, durante este a\u00f1o se han producido dos cambios importantes que queremos se\u00f1alar. En primer lugar, nos hemos mudado a otra oficina m\u00e1s amplia situada en el centro de Alicante. Y, en segundo lugar, se ha incorporado al despacho una nueva compa\u00f1era, Carolina Jim\u00e9nez L\u00f3pez.<\/p>\n<p>Termina un a\u00f1o vibrante y empieza otro que afrontamos con energ\u00eda y determinaci\u00f3n, conscientes de lo complicado que se presume por la incidencia del COVID-19, pues el sector inmobiliario es especialmente vulnerable a los cambios que se producen en el entorno pol\u00edtico, econ\u00f3mico y social, por lo que ahora, m\u00e1s que nunca, nos preparamos para prestar el asesoramiento debido.<\/p>\n<p>Nos despedimos dando las GRACIAS a familiares, amigos, colaboradores y clientes, por vuestro apoyo y confianza, por formar parte de INUR | Abogados.<\/p>\n<p>Fdo.: Rafael Moreno Ubric.<\/p>","protected":false},"excerpt":{"rendered":"<p>Como hicimos el a\u00f1o pasado, compartimos un breve balance de este segundo a\u00f1o de vida de INUR | Abogados, que naci\u00f3 con la firme voluntad de convertirse en un despacho de referencia en los \u00e1mbitos del Derecho Inmobiliario y del Urbanismo. Y en ese prop\u00f3sito, sereno pero obstinado, nada nos ha detenido, ni siquiera el [&hellip;]<\/p>\n","protected":false},"author":1,"featured_media":21972,"comment_status":"closed","ping_status":"open","sticky":false,"template":"","format":"standard","meta":{"_et_pb_use_builder":"","_et_pb_old_content":"","_et_gb_content_width":"","footnotes":""},"categories":[136],"tags":[155,154,153,138,144,156],"class_list":["post-21956","post","type-post","status-publish","format-standard","has-post-thumbnail","hentry","category-inur-abogados","tag-abogado-alicante","tag-abogados","tag-aniversario","tag-aniversario-inur-abogados","tag-espejo-publico","tag-exito"],"aioseo_notices":[],"_links":{"self":[{"href":"https:\/\/www.inurabogados.es\/en\/wp-json\/wp\/v2\/posts\/21956","targetHints":{"allow":["GET"]}}],"collection":[{"href":"https:\/\/www.inurabogados.es\/en\/wp-json\/wp\/v2\/posts"}],"about":[{"href":"https:\/\/www.inurabogados.es\/en\/wp-json\/wp\/v2\/types\/post"}],"author":[{"embeddable":true,"href":"https:\/\/www.inurabogados.es\/en\/wp-json\/wp\/v2\/users\/1"}],"replies":[{"embeddable":true,"href":"https:\/\/www.inurabogados.es\/en\/wp-json\/wp\/v2\/comments?post=21956"}],"version-history":[{"count":4,"href":"https:\/\/www.inurabogados.es\/en\/wp-json\/wp\/v2\/posts\/21956\/revisions"}],"predecessor-version":[{"id":21973,"href":"https:\/\/www.inurabogados.es\/en\/wp-json\/wp\/v2\/posts\/21956\/revisions\/21973"}],"wp:featuredmedia":[{"embeddable":true,"href":"https:\/\/www.inurabogados.es\/en\/wp-json\/wp\/v2\/media\/21972"}],"wp:attachment":[{"href":"https:\/\/www.inurabogados.es\/en\/wp-json\/wp\/v2\/media?parent=21956"}],"wp:term":[{"taxonomy":"category","embeddable":true,"href":"https:\/\/www.inurabogados.es\/en\/wp-json\/wp\/v2\/categories?post=21956"},{"taxonomy":"post_tag","embeddable":true,"href":"https:\/\/www.inurabogados.es\/en\/wp-json\/wp\/v2\/tags?post=21956"}],"curies":[{"name":"wp","href":"https:\/\/api.w.org\/{rel}","templated":true}]}}