{"id":21904,"date":"2020-01-29T10:22:35","date_gmt":"2020-01-29T09:22:35","guid":{"rendered":"https:\/\/www.inurabogados.es\/?p=21904"},"modified":"2020-01-29T10:22:35","modified_gmt":"2020-01-29T09:22:35","slug":"entrevista-programa-espejo-publico","status":"publish","type":"post","link":"https:\/\/www.inurabogados.es\/en\/entrevista-programa-espejo-publico\/","title":{"rendered":"Entrevista a Rafael Moreno en el programa \u201cEspejo P\u00fablico\u201d de Antena 3"},"content":{"rendered":"<p>El d\u00eda 24 de enero de 2020 el programa \u201c<a href=\"https:\/\/www.antena3.com\/programas\/espejo-publico\/\" target=\"_blank\" rel=\"nofolloe noopener\">Espejo P\u00fablico<\/a>\u201d de Antena 3, presentado por Susana Griso entrevist\u00f3 a <a href=\"https:\/\/www.inurabogados.es\/en\/sobreinur\/\" target=\"_blank\" rel=\"noopener\">Rafael Moreno Ubric<\/a>, en relaci\u00f3n a la <a href=\"https:\/\/www.inurabogados.es\/en\/sentencia-ganada-diario-informacion\/\" target=\"_blank\" rel=\"noopener\">Sentencia ganada<\/a> al Ayuntamiento de Alicante, que anula una sanci\u00f3n impuesta por circular con patinete el\u00e9ctrico (VMP) por la calzada.<\/p>\n<p>Ya son varios los medios de comunicaci\u00f3n como <a href=\"https:\/\/www.larazon.es\/comunidad-valenciana\/20200121\/zvqb53ouzbdwzhmzl6qf5iaiou.html\" target=\"_blank\" rel=\"nofollow noopener\">La Raz\u00f3n<\/a>, <a href=\"https:\/\/confilegal.com\/20200122-un-juez-de-alicante-anula-una-multa-por-circular-en-patinete-electrico-por-la-calzada-al-considerarlo-un-vehiculo\/\" target=\"_blank\" rel=\"nofollow noopener\">Confilegal<\/a> o el <a href=\"https:\/\/www.20minutos.es\/noticia\/4124594\/0\/un-juez-de-alicante-anula-una-multa-por-circular-con-patinete-electrico-por-la-calzada-al-considerar-que-es-un-vehiculo\/\" target=\"_blank\" rel=\"nofollow noopener\">Diario 20 minutos<\/a> que contactan con el despacho sobre este asunto, pues se trata de <strong>una Sentencia pionera<\/strong>, probablemente<strong> la primera dictada en Espa\u00f1a<\/strong> y de ah\u00ed el inter\u00e9s medi\u00e1tico generado.<\/p>\n<blockquote><p>Una Sentencia pionera, probablemente la primera dictada en Espa\u00f1a.<\/p>\n<p>&nbsp;<\/p><\/blockquote>\n<p>En la entrevista tuvimos la ocasi\u00f3n de explicar los tres motivos justificativos de la interposici\u00f3n del recurso contencioso administrativo estimado por el Juzgado, consistentes en: a) la no comisi\u00f3n de la infracci\u00f3n imputada (art. 121 RGC); 2\u00ba) la ausencia de la concreta identificaci\u00f3n del veh\u00edculo; y c) la err\u00f3nea informaci\u00f3n en torno a la ley procedimental aplicable, que llevaba m\u00e1s de tres a\u00f1os derogada.<\/p>\n<p><a href=\"https:\/\/www.inurabogados.es\/en\/\" target=\"_blank\" rel=\"noopener\">INUR | Abogados<\/a> es un despacho especializado en Derecho Inmobiliario y Urbanismo, asesorando tambi\u00e9n en otro tipo de asuntos vinculados al Derecho Administrativo, como lo son las sanciones en materia de tr\u00e1fico y seguridad vial.<\/p>\n<p><iframe loading=\"lazy\" src=\"https:\/\/www.youtube.com\/embed\/52uXeKB_dpw\" width=\"560\" height=\"315\" frameborder=\"0\" allowfullscreen=\"allowfullscreen\"><\/iframe><\/p>\n<p>Os animamos a seguir nuestro <a href=\"https:\/\/www.youtube.com\/channel\/UCFBGObFDLFog8f6KnOUicTg\" target=\"_blank\" rel=\"noopener\">canal de YouTube<\/a>\u00a0donde podr\u00e9is encontrar la entrevista al completo y m\u00e1s v\u00eddeos acerca de INUR Abogados.<\/p>","protected":false},"excerpt":{"rendered":"<p>El d\u00eda 24 de enero de 2020 el programa \u201cEspejo P\u00fablico\u201d de Antena 3, presentado por Susana Griso entrevist\u00f3 a Rafael Moreno Ubric, en relaci\u00f3n a la Sentencia ganada al Ayuntamiento de Alicante, que anula una sanci\u00f3n impuesta por circular con patinete el\u00e9ctrico (VMP) por la calzada. Ya son varios los medios de comunicaci\u00f3n como [&hellip;]<\/p>\n","protected":false},"author":1,"featured_media":21911,"comment_status":"closed","ping_status":"open","sticky":false,"template":"","format":"standard","meta":{"_et_pb_use_builder":"","_et_pb_old_content":"","_et_gb_content_width":"","footnotes":""},"categories":[136],"tags":[144,141,145,146],"class_list":["post-21904","post","type-post","status-publish","format-standard","has-post-thumbnail","hentry","category-inur-abogados","tag-espejo-publico","tag-patinetes-electricos","tag-sentencias","tag-sentencias-ganadas"],"aioseo_notices":[],"_links":{"self":[{"href":"https:\/\/www.inurabogados.es\/en\/wp-json\/wp\/v2\/posts\/21904","targetHints":{"allow":["GET"]}}],"collection":[{"href":"https:\/\/www.inurabogados.es\/en\/wp-json\/wp\/v2\/posts"}],"about":[{"href":"https:\/\/www.inurabogados.es\/en\/wp-json\/wp\/v2\/types\/post"}],"author":[{"embeddable":true,"href":"https:\/\/www.inurabogados.es\/en\/wp-json\/wp\/v2\/users\/1"}],"replies":[{"embeddable":true,"href":"https:\/\/www.inurabogados.es\/en\/wp-json\/wp\/v2\/comments?post=21904"}],"version-history":[{"count":7,"href":"https:\/\/www.inurabogados.es\/en\/wp-json\/wp\/v2\/posts\/21904\/revisions"}],"predecessor-version":[{"id":21912,"href":"https:\/\/www.inurabogados.es\/en\/wp-json\/wp\/v2\/posts\/21904\/revisions\/21912"}],"wp:featuredmedia":[{"embeddable":true,"href":"https:\/\/www.inurabogados.es\/en\/wp-json\/wp\/v2\/media\/21911"}],"wp:attachment":[{"href":"https:\/\/www.inurabogados.es\/en\/wp-json\/wp\/v2\/media?parent=21904"}],"wp:term":[{"taxonomy":"category","embeddable":true,"href":"https:\/\/www.inurabogados.es\/en\/wp-json\/wp\/v2\/categories?post=21904"},{"taxonomy":"post_tag","embeddable":true,"href":"https:\/\/www.inurabogados.es\/en\/wp-json\/wp\/v2\/tags?post=21904"}],"curies":[{"name":"wp","href":"https:\/\/api.w.org\/{rel}","templated":true}]}}