{"id":21875,"date":"2019-11-14T11:56:58","date_gmt":"2019-11-14T10:56:58","guid":{"rendered":"https:\/\/www.inurabogados.es\/?p=21875"},"modified":"2019-12-04T12:01:12","modified_gmt":"2019-12-04T11:01:12","slug":"primer-aniversario-inur-abogados","status":"publish","type":"post","link":"https:\/\/www.inurabogados.es\/en\/primer-aniversario-inur-abogados\/","title":{"rendered":"Balance de un a\u00f1o inmejorable"},"content":{"rendered":"<p>Se cumple un a\u00f1o de la apertura de <a href=\"https:\/\/www.inurabogados.es\/en\/\" target=\"_blank\" rel=\"noopener\">INUR | Abogados<\/a> y el balance es muy positivo.<\/p>\n<p>Hemos tramitado m\u00e1s de cien expedientes en el \u00e1mbito de las materias de <a href=\"https:\/\/www.inurabogados.es\/en\/servicios\/derecho-inmobiliario\/\" target=\"_blank\" rel=\"noopener\">Real Estate Law<\/a> y Urbanismo: Alegaciones a Planes Generales, expedici\u00f3n de licencias, redacci\u00f3n de contratos (mediaci\u00f3n inmobiliaria, compraventa, arrendamiento), defensa letrada en procedimientos judiciales (vicios constructivos, desahucios, cl\u00e1usulas suelo), etc.<\/p>\n<p>Han depositado su confianza en el despacho Comunidades de Propietarios, Agencias Inmobiliarias, Sociedades Patrimoniales, Asociaciones y particulares. Igualmente, hemos desarrollado nuestra labor a trav\u00e9s del turno de oficio, asistiendo a quienes carecen de medios econ\u00f3micos suficientes para contratar a un Abogado.<\/p>\n<p>Intervenimos en la Jornada de presentaci\u00f3n del \u201cCurso de experto inmobiliario\u201d, celebrada por el Colegio de Aparejadores de Alicante. Publicamos un art\u00edculo titulado \u201cComunidad de bienes. Capacidad para ser parte actora\u201d en la Revista Inmueble, y creamos un <a href=\"https:\/\/www.inurabogados.es\/en\/blog\/\" target=\"_blank\" rel=\"noopener\">Blog<\/a> en la web del despacho a trav\u00e9s del que transmitimos conocimientos y experiencias. Asimismo, fuimos entrevistados por la plataforma digital ProntoPro, e hicimos una campa\u00f1a publicitar\u00eda en el Club Deportivo ARENA.<\/p>\n<p>Y a nivel personal hemos vivido nuevas experiencias, conocido a gente maravillosa, ampliado conocimientos\u2026 pero, sin duda, lo mejor ha sido contar con el apoyo de familiares, amigos y colaboradores, y con la confianza de los clientes, sin los que nada habr\u00eda sido posible.<\/p>\n<p>Empezamos un nuevo a\u00f1o cargados de energ\u00eda y manteniendo intacta la ilusi\u00f3n y la humildad del primer d\u00eda, pues a\u00fan quedan muchas metas que alcanzar. De momento, adem\u00e1s de proseguir la defensa de los asuntos encomendados, presentes y futuros, nos embarcamos en dos nuevos ilusionantes proyectos, como la intervenci\u00f3n docente en un curso de contrataci\u00f3n p\u00fablica y el enorme reto de coordinar y escribir un \u201cManual de Derecho Inmobiliario\u201d.<\/p>\n<p>Trabajaremos para tratar de seguir mereciendo vuestro apoyo y confianza.<\/p>\n<p>&nbsp;<\/p>\n<p>\u00a1Muchas GRACIAS!<\/p>\n<p>&nbsp;<\/p>\n<p>Rafael Moreno Ubric<\/p>\n<p>&nbsp;<\/p>\n<p><img loading=\"lazy\" decoding=\"async\" class=\"alignnone size-full wp-image-21480\" src=\"https:\/\/www.inurabogados.es\/wp-content\/uploads\/2018\/10\/Logo-INURAbogados.png\" alt=\"logotipo inur\" width=\"200\" height=\"47\" \/><\/p>","protected":false},"excerpt":{"rendered":"<p>Se cumple un a\u00f1o de la apertura de INUR | Abogados y el balance es muy positivo. Hemos tramitado m\u00e1s de cien expedientes en el \u00e1mbito de las materias de Derecho Inmobiliario y Urbanismo: Alegaciones a Planes Generales, expedici\u00f3n de licencias, redacci\u00f3n de contratos (mediaci\u00f3n inmobiliaria, compraventa, arrendamiento), defensa letrada en procedimientos judiciales (vicios constructivos, [&hellip;]<\/p>\n","protected":false},"author":1,"featured_media":21877,"comment_status":"closed","ping_status":"open","sticky":false,"template":"","format":"standard","meta":{"_et_pb_use_builder":"","_et_pb_old_content":"","_et_gb_content_width":"","footnotes":""},"categories":[136],"tags":[138,137],"class_list":["post-21875","post","type-post","status-publish","format-standard","has-post-thumbnail","hentry","category-inur-abogados","tag-aniversario-inur-abogados","tag-balance-anual"],"aioseo_notices":[],"_links":{"self":[{"href":"https:\/\/www.inurabogados.es\/en\/wp-json\/wp\/v2\/posts\/21875","targetHints":{"allow":["GET"]}}],"collection":[{"href":"https:\/\/www.inurabogados.es\/en\/wp-json\/wp\/v2\/posts"}],"about":[{"href":"https:\/\/www.inurabogados.es\/en\/wp-json\/wp\/v2\/types\/post"}],"author":[{"embeddable":true,"href":"https:\/\/www.inurabogados.es\/en\/wp-json\/wp\/v2\/users\/1"}],"replies":[{"embeddable":true,"href":"https:\/\/www.inurabogados.es\/en\/wp-json\/wp\/v2\/comments?post=21875"}],"version-history":[{"count":2,"href":"https:\/\/www.inurabogados.es\/en\/wp-json\/wp\/v2\/posts\/21875\/revisions"}],"predecessor-version":[{"id":21878,"href":"https:\/\/www.inurabogados.es\/en\/wp-json\/wp\/v2\/posts\/21875\/revisions\/21878"}],"wp:featuredmedia":[{"embeddable":true,"href":"https:\/\/www.inurabogados.es\/en\/wp-json\/wp\/v2\/media\/21877"}],"wp:attachment":[{"href":"https:\/\/www.inurabogados.es\/en\/wp-json\/wp\/v2\/media?parent=21875"}],"wp:term":[{"taxonomy":"category","embeddable":true,"href":"https:\/\/www.inurabogados.es\/en\/wp-json\/wp\/v2\/categories?post=21875"},{"taxonomy":"post_tag","embeddable":true,"href":"https:\/\/www.inurabogados.es\/en\/wp-json\/wp\/v2\/tags?post=21875"}],"curies":[{"name":"wp","href":"https:\/\/api.w.org\/{rel}","templated":true}]}}