{"id":21844,"date":"2019-09-11T10:47:21","date_gmt":"2019-09-11T09:47:21","guid":{"rendered":"https:\/\/www.inurabogados.es\/?p=21844"},"modified":"2019-09-11T10:55:03","modified_gmt":"2019-09-11T09:55:03","slug":"entrevista-en-prontopro","status":"publish","type":"post","link":"https:\/\/www.inurabogados.es\/en\/entrevista-en-prontopro\/","title":{"rendered":"Entrevista de INUR Abogados en ProntoPro.es"},"content":{"rendered":"<p><span style=\"color: #000000;\">\u00a1Nos entrevistan en ProntoPro.es! La plataforma digital que permite a los profesionales encontrar nuevos clientes, y a los clientes a buscar profesionales fiables que les puedan ayudar en sus proyectos, ha querido conocer la historia de<\/span> <a href=\"https:\/\/www.inurabogados.es\/en\/\" target=\"_blank\" rel=\"noopener\">INUR Abogados<\/a>.<\/p>\n<p><span style=\"color: #000000;\">En esta entrevista, hablamos de la vocaci\u00f3n de Rafael Moreno, socio fundador de INUR Abogados, por la abogac\u00eda, de aquello que nos motiva en esta profesi\u00f3n, cu\u00e1l ha sido nuestro recorrido o c\u00f3mo trabajamos en nuestro despacho de abogados.<\/span><\/p>\n<p>&nbsp;<\/p>\n<p><span style=\"color: #000000;\">Pod\u00e9is ver la entrevista completa aqu\u00ed:<\/span><\/p>\n<p>&nbsp;<\/p>\n<p><a href=\"https:\/\/www.prontopro.es\/blog\/entre-viviendas-y-leyes\/\" target=\"_blank\" rel=\"nofollow noopener\"><img loading=\"lazy\" decoding=\"async\" class=\"alignnone wp-image-21846 size-full\" src=\"https:\/\/www.inurabogados.es\/wp-content\/uploads\/2019\/09\/entrvista-inur.png\" alt=\"\" width=\"1169\" height=\"321\" srcset=\"https:\/\/www.inurabogados.es\/wp-content\/uploads\/2019\/09\/entrvista-inur.png 1169w, https:\/\/www.inurabogados.es\/wp-content\/uploads\/2019\/09\/entrvista-inur-300x82.png 300w, https:\/\/www.inurabogados.es\/wp-content\/uploads\/2019\/09\/entrvista-inur-768x211.png 768w, https:\/\/www.inurabogados.es\/wp-content\/uploads\/2019\/09\/entrvista-inur-1024x281.png 1024w, https:\/\/www.inurabogados.es\/wp-content\/uploads\/2019\/09\/entrvista-inur-700x192.png 700w, https:\/\/www.inurabogados.es\/wp-content\/uploads\/2019\/09\/entrvista-inur-1100x302.png 1100w\" sizes=\"(max-width: 1169px) 100vw, 1169px\" \/><\/a><\/p>\n<p><span style=\"color: #000000;\">\u00a1Gracias por contar con nosotros, ProntoPro.es!<\/span><\/p>\n<p>&nbsp;<\/p>\n<p>&nbsp;<\/p>","protected":false},"excerpt":{"rendered":"<p>\u00a1Nos entrevistan en ProntoPro.es! La plataforma digital que permite a los profesionales encontrar nuevos clientes, y a los clientes a buscar profesionales fiables que les puedan ayudar en sus proyectos, ha querido conocer la historia de INUR Abogados. En esta entrevista, hablamos de la vocaci\u00f3n de Rafael Moreno, socio fundador de INUR Abogados, por la [&hellip;]<\/p>\n","protected":false},"author":1,"featured_media":21856,"comment_status":"closed","ping_status":"open","sticky":false,"template":"","format":"standard","meta":{"_et_pb_use_builder":"","_et_pb_old_content":"","_et_gb_content_width":"","footnotes":""},"categories":[131],"tags":[132,133],"class_list":["post-21844","post","type-post","status-publish","format-standard","has-post-thumbnail","hentry","category-entrevistas","tag-entrevista-inur-abogados","tag-prontopro-es"],"aioseo_notices":[],"_links":{"self":[{"href":"https:\/\/www.inurabogados.es\/en\/wp-json\/wp\/v2\/posts\/21844","targetHints":{"allow":["GET"]}}],"collection":[{"href":"https:\/\/www.inurabogados.es\/en\/wp-json\/wp\/v2\/posts"}],"about":[{"href":"https:\/\/www.inurabogados.es\/en\/wp-json\/wp\/v2\/types\/post"}],"author":[{"embeddable":true,"href":"https:\/\/www.inurabogados.es\/en\/wp-json\/wp\/v2\/users\/1"}],"replies":[{"embeddable":true,"href":"https:\/\/www.inurabogados.es\/en\/wp-json\/wp\/v2\/comments?post=21844"}],"version-history":[{"count":6,"href":"https:\/\/www.inurabogados.es\/en\/wp-json\/wp\/v2\/posts\/21844\/revisions"}],"predecessor-version":[{"id":21853,"href":"https:\/\/www.inurabogados.es\/en\/wp-json\/wp\/v2\/posts\/21844\/revisions\/21853"}],"wp:featuredmedia":[{"embeddable":true,"href":"https:\/\/www.inurabogados.es\/en\/wp-json\/wp\/v2\/media\/21856"}],"wp:attachment":[{"href":"https:\/\/www.inurabogados.es\/en\/wp-json\/wp\/v2\/media?parent=21844"}],"wp:term":[{"taxonomy":"category","embeddable":true,"href":"https:\/\/www.inurabogados.es\/en\/wp-json\/wp\/v2\/categories?post=21844"},{"taxonomy":"post_tag","embeddable":true,"href":"https:\/\/www.inurabogados.es\/en\/wp-json\/wp\/v2\/tags?post=21844"}],"curies":[{"name":"wp","href":"https:\/\/api.w.org\/{rel}","templated":true}]}}